{"id":1723,"date":"2019-01-16T16:05:36","date_gmt":"2019-01-16T15:05:36","guid":{"rendered":"https:\/\/bildungsschiff.de\/anna-lisa\/?p=1723"},"modified":"2025-03-21T11:46:40","modified_gmt":"2025-03-21T10:46:40","slug":"das-war-los-2018","status":"publish","type":"post","link":"https:\/\/bildungsschiff.de\/anna-lisa\/das-war-los-2018\/","title":{"rendered":"R\u00fcckblick 2017-2018"},"content":{"rendered":"\n<hr class=\"wp-block-separator\"\/>\n\n\n\n<h4 class=\"wp-block-heading\">Werftzeit 2018<\/h4>\n\n\n\n<p>Puh &#8211; das war das erste BINI-Werftwochenende 2018:<br \/>Neben Unterwasserschiffs Bearbeitung mit Primer und Unterwasserfarbe gab es neben viel Rostklopperei diesmal einen 4-fach Farbaufbau mit Fertan, Owatrol Pit, Silberprimer und viel Schwarzmalerei.<\/p>\n\n\n\n<figure class=\"wp-block-image\"><img decoding=\"async\" src=\"http:\/\/bildungsschiff.de\/anna-lisa\/wp-content\/uploads\/2019\/01\/P9151413-300x225.jpg\" alt=\"\"\/><\/figure>\n\n\n\n<p>Die Jugendgruppe mit Jonas, Malte, Dominik, Ben, Jona und Angelique waren teilweise ab Freitag voller Elan und Tatendrang bei bester Laune.<br \/>Eine super Erg\u00e4nzung zum Kompetenzzentrum der altgedienten: Ralf, Ingrid, Franz , Dieter, Sonja, Christoph, und mir.<br \/>So ist von Malte, Franz und Jona die Ruderanlage \u00fcberarbeitet worden, von Ralf Ventile gepr\u00fcft und repariert, sowie die Gr\u00e4tinge ge\u00f6lt, die Bl\u00f6cke an Deck ge\u00f6lt unsd diverses mehr passiert.<br \/>Dankenswerterweise hat uns Axel ein sehr leckeres Chilli zuim Mittag gebracht, was f\u00fcr beide Tage reichte.<\/p>\n\n\n\n<p>Mein besonderer Dank gilt Sonja und Ingrid, die unerm\u00fcdlich die Beschichtung des Unterwasserschiffs vorgenommen haben,<br \/>und nat\u00fcrlich allen Jugendlichen, die mit diesem Weftaufenthalt dem Verein gezeigt haben, da\u00df sie es ernst meinen.<\/p>\n\n\n\n<h4 class=\"wp-block-heading\">VEREINSTREFFEN&nbsp; Herbst 2018<\/h4>\n\n\n\n<p>Am 23.11-26.11.2018 trafen wir uns wieder&nbsp;in Balje an der Elbe zu unserem Vereinswochenende. Ein Wochenende das es immer in sich hat. Viele Themen werden besprochen um auch in Zukunft unseren Vereinsinteressen gerecht zu werden. Anna-Lisa ist da ein gro\u00dfer Posten, ein anderer Schwerpunkt&nbsp;ist die Bildungsarbeit. 2019 verspricht ein interessantes Vereinsjahr zu werden mit vielen alten und neuen Herausforderungen.<\/p>\n\n\n\n<p>Neue Vereinsmitglieder stellten sich vor und wurden herzlich bei uns an diesem Wochenende aufgenommen.<\/p>\n\n\n\n<p>&#8212;&#8212;&#8212;&#8212;&#8212;&#8212;&#8212;&#8212;&#8212;&#8212;&#8212;&#8212;&#8212;&#8212;&#8212;&#8212;&#8212;&#8212;&#8212;&#8212;&#8212;&#8212;&#8212;&#8212;&#8212;&#8212;&#8212;&#8212;-<\/p>\n\n\n\n<h5 class=\"wp-block-heading\">&#8218;Schiff Ahoi&#8216;<\/h5>\n\n\n\n<h5 class=\"wp-block-heading\">Mathilde hat wieder Wasser unterm Kiel.<\/h5>\n\n\n\n<p>Am Ostersonntag 2018 wurde unser Jugendwanderkutter MATHILDE bei strahlendem Sonnenschein getauft. Anwesend waren unsere Jugendgruppe, Elmar &amp; Freunde, Vertreter des Vereins sowie viele Schaulustige aus Wischhafen und Umgebung. Mit neuen Rettungswesten ausgestattet wurde der Jugendkutter von den Jugendlichen geentert, die Riemen besetzt und in See gestochen.<\/p>\n\n\n\n<p>Ein ganz gro\u00dfes Dankesch\u00f6n an die Sponsoren, an Elmar und seiner Familie, die dieses tolle Projekt erm\u00f6glicht haben.<\/p>\n\n\n\n<p>&#8212;&#8212;&#8212;&#8212;&#8212;&#8212;&#8212;&#8212;&#8212;&#8212;&#8212;&#8212;&#8212;&#8212;&#8212;&#8212;&#8212;&#8212;&#8212;&#8212;&#8212;&#8212;&#8212;&#8212;&#8212;&#8212;&#8212;&#8212;-<\/p>\n\n\n\n<h3 class=\"wp-block-heading\">Bootsbauprojekt Jugendkutter &#8222;Mathilde&#8220; 2018<\/h3>\n\n\n\n<p>Nachdem der Verein Bildungsschiff Niederelbe e.V. am letzten Herbstwochenende beschlossen hat einen Jugendwanderkutter mit Hilfe der Kreissparkasse Stade zu erwerben, gab es seitens unseres Sponsors am 05.01.2018 das OK, uns die gesammte Kaufsumme zur Verf\u00fcgung zu stellen. Da der Verk\u00e4ufer, die Ostseeschule Flensburg, sich ungl\u00fccklicherweise entschlossen hatte das Boot ohne Abdeckung diesen Winter drau\u00dfen stehen zu lassen, war Eile geboten.<\/p>\n\n\n\n<p>Das alte Boot hatte sehr viel Feuchtigkeit unter die d\u00fcnne Farbschicht gelassen und es musste dringend getrocknet werden bevor der Frost die Farbe und m\u00f6glicherweise das Holz an einigen Stellen sprengt.<br \/>Da reagierte Jan aus Elmshorn spontan und machte einen Platz in seiner Werkstatthalle frei.<\/p>\n\n\n\n<p>Wir holten das Boot am 12.01.18 und brachten es nach Elmshorn, wo es erst einmal 2 Wochen trocknete. Am 20.1.18 war der erste Gro\u00dfeinsatz mit 7 Jugendlichen im Alter von 8-18. Sauber machen, auseinander bauen, dabei haben wir hinter den Verkleidungen viel Dreck, eine Mundharmonika, ein Mundst\u00fcck von einem Fagott?!, eine Sonnenbrille, ein Buch und diversen M\u00fcll gefunden.<\/p>\n\n\n\n<p>Au\u00dferdem waren die Planken im achteren Bereich unter den Einbauten stark angegangen. Nach der Sichtung des Zustandes hatten wir nun die Basis f\u00fcr einen Antrag an den Kinderschutzbund mit dem Projekt Mittendrin, die Indienststellung des Jugendkutters mit einem Bootsbauprojekt mit den Jugendlichen zu f\u00f6rdern.<\/p>\n\n\n\n<p>Dieser Antrag ist am 13.02.18 bewilligt worden und am 13.02. war nun endlich der Start f\u00fcr die umfangreichen Bootsbauarbeiten, um der Anna-Lisa, dem Bildungsschiff Niederelbe e.V., ein geeignetes Ausbildungsboot zur Verf\u00fcgung zu stellen und so der n\u00e4chsten Generation an Traditionsschiffern ein Forum in Wischhafen zu geben.<\/p>\n\n\n\n<p>Mit einem ganz gro\u00dfen Dankesch\u00f6n an unsere Sponsoren, die sich schon in der Vergangenheit f\u00fcr die F\u00f6rderung der maritimen Jugendarbeit in Wischhafen stark gemacht haben.<\/p>\n\n\n\n<p>Liebe Gr\u00fc\u00dfe<br \/>Elmar &amp; die Kids<\/p>\n\n\n\n<p>&#8212;&#8212;&#8212;&#8212;&#8212;&#8212;&#8212;&#8212;&#8212;&#8212;&#8212;&#8212;&#8212;&#8212;&#8212;&#8212;&#8212;&#8212;&#8212;&#8212;&#8212;&#8212;&#8212;&#8212;&#8212;&#8212;&#8212;&#8212;-<\/p>\n\n\n\n<h4 class=\"wp-block-heading\">In Wischhafen ist was los&#8230; ANNA-LISA begleitet die IRIS-J\u00d6RG<\/h4>\n\n\n\n<p>Moin Leute, am 09.09.2017&nbsp; hat der K\u00fcmo Iris-J\u00f6rg aus Wischhafen nach 15 Jahren die Maschinen angelassen und die Leinen los. Wir sind als Begleitschiff mit G\u00e4sten, die sich das Schauspiel von See her ansehen wollten, ebenfalls gefahren. Organisiert hat das Ganze das K\u00fcstenschiffahrtsmuseum Wischhafen. Die Fahrt der Iris-J\u00f6rg ging in die St\u00f6r nach Wewelsfleth in die Werft.<\/p>\n\n\n\n<p>Beeke war Skipperin und ich war M\u00e4dchen f\u00fcr Alles. Um 16 Uhr haben wir die Anna-Lisa an die Verladepier verholt und 15 G\u00e4ste an Bord genommen. Darunter einige pensionierte Wischhafener Kapit\u00e4ne. Amtssprache: Plattdeutsch. Ein fachkundiges Publikum! P\u00fcnktlich h\u00f6rte es auf Bindf\u00e4den zu regnen und wir haben die Iris-J\u00f6rg bei bestem Wetter und unter beeindruckenden Wolkenformationen bis zum St\u00f6rsperrwerk begleitet. Da viele zum Photografieren an Bord gekommen waren, konnte es nicht besser laufen. Das Pressephoto in der Zeitung war dann auch sehr gelungen.&nbsp; ( Stader Tageblatt )<\/p>\n\n\n\n<p>An Bord wurde nat\u00fcrlich viel gefachsimpelt und komentiert. Kein Wunder bei dem Publikum! Um 18.30 haben wir wieder in Wischhafen festgemacht und die Passagiere verabschiedet. Wir haben die Anna-Lisa in einem erstklassig aufgeklarten Zustand \u00fcbernommen und ich denke auch nicht schlechter wieder verlassen. Alles in Allem war das eine nette kleine Aktion! \u00dcbrigens: Der j\u00fcngste Passagier war 8 Monate und der \u00e4lteste Kapit\u00e4n 83 Jahre alt. Geht doch!&nbsp; Gru\u00df, Ralf<br \/>_____________________________________________________________<\/p>\n\n\n\n<p>Winterarbeiten am 28.04.2017<\/p>\n\n\n\n<p>Der Mast wurde&nbsp; nach einer \u00dcberholung mit Hilfe eines Krans wieder gestellt. Das neue Steuerbordschwert ist auch an seinem Platz. Die Rigggruppe war sehr flei\u00dfig, eine selbstgebaute Deckskiste wurde lasiert und und und&#8230;.<\/p>\n\n\n\n<figure class=\"wp-block-image\"><a href=\"https:\/\/bildungsschiff.de\/anna-lisa\/2019\/10\/feiert-mit-uns-ein-fest\/olympus-digital-camera-11\/\"><img decoding=\"async\" src=\"http:\/\/bildungsschiff.de\/anna-lisa\/wp-content\/uploads\/2014\/07\/mast-setzen-2017-1-e1493907905499-224x300.jpg\" alt=\"\"\/><\/a><\/figure>\n\n\n\n<figure class=\"wp-block-image\"><img decoding=\"async\" src=\"http:\/\/bildungsschiff.de\/anna-lisa\/wp-content\/uploads\/2014\/07\/mast-setzen-2017-2-e1493908905862-224x300.jpg\" alt=\"\"\/><\/figure>\n\n\n\n<figure class=\"wp-block-image\"><a href=\"https:\/\/bildungsschiff.de\/anna-lisa\/2019\/10\/feiert-mit-uns-ein-fest\/olympus-digital-camera-13\/\"><img decoding=\"async\" src=\"http:\/\/bildungsschiff.de\/anna-lisa\/wp-content\/uploads\/2014\/07\/mast-setzen-2017-3-1-e1493908686299-224x300.jpg\" alt=\"\"\/><\/a><\/figure>\n\n\n\n<p>Es bleibt nat\u00fcrlich bis zur Rumregatta in Flensburg noch viel zu tun und wir sind wie jedes Jahr zuversichtlich alles zu schaffen.<\/p>\n\n\n\n<h4 class=\"wp-block-heading\">&#8212;&#8212;&#8212;&#8212;&#8212;&#8212;&#8212;&#8212;&#8212;&#8212;&#8212;&#8212;&#8212;&#8212;&#8212;&#8212;&#8212;&#8212;&#8212;&#8212;&#8212;&#8212;-<\/h4>\n\n\n\n<h4 class=\"wp-block-heading\">Winterarbeiten am 28.01.2017<\/h4>\n\n\n\n<p>An einem kalten aber sonnigen Samstag in Wischhafen trafen sich einige Mutige von uns um den Gro\u00dfmast mit der Hilfe eines mobilen Krans an Land zu heben. Auch wurde das Steuerbordschwert entfernt.&nbsp; Wir lassen ein neues bauen, da das alte Schwert im vergangenem Jahr Schaden genommen hat. Der Gro\u00dfmast macht einen gesunden Eindruck und wird auf evtl. Sch\u00e4den untersucht. Ein neues Gro\u00dfsegel wird in einer Stader Segelmacherei gefertigt. Wir scheuen keine M\u00fche und Kosten um dieses Jahr wieder sicher und entspannt zu segeln. Mit dabei waren unsere Jugendgruppe, die Presse vom Stader Tageblatt sowie viele Schaulustige.<\/p>\n\n\n\n<figure class=\"wp-block-embed-wordpress wp-block-embed is-type-wp-embed is-provider-bildungsschiff-niederelbe-e-v\"><div class=\"wp-block-embed__wrapper\">\n<blockquote class=\"wp-embedded-content\" data-secret=\"bNV91mrbzU\"><a href=\"https:\/\/bildungsschiff.de\/anna-lisa\/2019\/07\/feiert-mit-uns-ein-fest\/8_0305_143_v0_stader_tageblatt_5_anna-lisa\/\">Stader Tageblatt Anna-Lisa von Wischhafen<\/a><\/blockquote><iframe loading=\"lazy\" title=\"&#8222;Stader Tageblatt Anna-Lisa von Wischhafen&#8220; &#8212; Bildungsschiff Niederelbe e.V.\" class=\"wp-embedded-content\" sandbox=\"allow-scripts\" security=\"restricted\" style=\"position: absolute; clip: rect(1px, 1px, 1px, 1px);\" src=\"https:\/\/bildungsschiff.de\/anna-lisa\/2019\/07\/feiert-mit-uns-ein-fest\/8_0305_143_v0_stader_tageblatt_5_anna-lisa\/embed\/#?secret=bNV91mrbzU\" data-secret=\"bNV91mrbzU\" width=\"600\" height=\"338\" frameborder=\"0\" marginwidth=\"0\" marginheight=\"0\" scrolling=\"no\"><\/iframe>\n<\/div><\/figure>\n\n\n\n<figure class=\"wp-block-image\"><a href=\"https:\/\/bildungsschiff.de\/anna-lisa\/2019\/10\/feiert-mit-uns-ein-fest\/olympus-digital-camera-5\/\"><img decoding=\"async\" src=\"http:\/\/bildungsschiff.de\/anna-lisa\/wp-content\/uploads\/2014\/07\/P1280296-300x225.jpg\" alt=\"\"\/><\/a><\/figure>\n\n\n\n<p>\nDer Go\u00dfmast auf dem Trockenem\n\n\n\n\n<\/p>\n\n\n\n<figure class=\"wp-block-image\"><a href=\"https:\/\/bildungsschiff.de\/anna-lisa\/2019\/10\/feiert-mit-uns-ein-fest\/olympus-digital-camera-6\/\"><img decoding=\"async\" src=\"http:\/\/bildungsschiff.de\/anna-lisa\/wp-content\/uploads\/2014\/07\/P1280315-300x225.jpg\" alt=\"\"\/><\/a><\/figure>\n\n\n\n<p>\nDas alte Steuerbordschwert hat nach vielen Jahren seinen Dienst erf\u00fcllt\n\n\n\n\n<\/p>\n\n\n\n<figure class=\"wp-block-image\"><img decoding=\"async\" src=\"http:\/\/bildungsschiff.de\/anna-lisa\/wp-content\/uploads\/2014\/07\/P1280352-300x225.jpg\" alt=\"\"\/><\/figure>\n\n\n\n<p>\nDanke f\u00fcr den tollen Einsatz\n\n\n<\/p>\n\n\n\n<p>&#8212;&#8212;&#8212;&#8212;&#8212;&#8212;&#8212;&#8212;&#8212;&#8212;&#8212;&#8212;&#8212;&#8212;&#8212;&#8212;&#8212;&#8212;&#8212;&#8212;&#8212;&#8212;&#8212;&#8212;&#8212;&#8212;&#8212;&#8212;-<\/p>\n\n\n\n<p>Wir starteten unsere Saison 2017 &nbsp;bei der Rumregatta am Himmelfahrtswochenende! Im Mai fand in der Flensburger F\u00f6rde wieder das gr\u00f6\u00dfte nordeurop\u00e4ische Gaffelrigger Treffen statt. Schaut doch mal wie es 2017&nbsp; dort zu ging.<\/p>\n\n\n\n<figure class=\"wp-block-embed-youtube wp-block-embed is-type-video is-provider-youtube wp-embed-aspect-16-9 wp-has-aspect-ratio\"><div class=\"wp-block-embed__wrapper\">\n<iframe loading=\"lazy\" title=\"Rumregatta Flensburg 2017 - Lieber heil und zweiter als kaputt und breiter\" width=\"688\" height=\"387\" src=\"https:\/\/www.youtube.com\/embed\/uu6C8XdfCo0?feature=oembed\" frameborder=\"0\" allow=\"accelerometer; autoplay; encrypted-media; gyroscope; picture-in-picture\" allowfullscreen><\/iframe>\n<\/div><\/figure>\n\n\n\n<figure class=\"wp-block-embed-youtube wp-block-embed is-type-video is-provider-youtube wp-embed-aspect-16-9 wp-has-aspect-ratio\"><div class=\"wp-block-embed__wrapper\">\n<iframe loading=\"lazy\" title=\"Traditional sailing vessels - River Elbe in front of Gl\u00fcckstadt - 30.9.2017 - 11:30\" width=\"688\" height=\"387\" src=\"https:\/\/www.youtube.com\/embed\/j40iPJWxT7Y?feature=oembed\" frameborder=\"0\" allow=\"accelerometer; autoplay; encrypted-media; gyroscope; picture-in-picture\" allowfullscreen><\/iframe>\n<\/div><\/figure>\n\n\n\n<figure class=\"wp-block-embed-youtube wp-block-embed is-type-video is-provider-youtube wp-embed-aspect-16-9 wp-has-aspect-ratio\"><div class=\"wp-block-embed__wrapper\">\n<iframe loading=\"lazy\" title=\"Rumregatta Flensburg 2017 - Lieber heil und zweiter als kaputt und breiter\" width=\"688\" height=\"387\" src=\"https:\/\/www.youtube.com\/embed\/uu6C8XdfCo0?feature=oembed\" frameborder=\"0\" allow=\"accelerometer; autoplay; encrypted-media; gyroscope; picture-in-picture\" allowfullscreen><\/iframe>\n<\/div><\/figure>\n\n\n\n<h3 class=\"wp-block-heading\">Bester Durchblick&#8230; !<\/h3>\n\n\n\n<h5 class=\"wp-block-heading\">Dank einer Spende der Firma Fielmann, k\u00f6nnen wir euch Taschenferngl\u00e4ser zur Verf\u00fcgung stellen !<\/h5>\n\n\n\n<figure class=\"wp-block-image\"><a href=\"http:\/\/bildungsschiff.de\/anna-lisa\/instandhaltung\/dsc2008_6774\/\"><img decoding=\"async\" src=\"http:\/\/bildungsschiff.de\/anna-lisa\/wp-content\/uploads\/2013\/11\/DSC2008_6774-300x200.jpg\" alt=\"DSC2008_6774\"\/><\/a><\/figure>\n\n\n\n<h5 class=\"wp-block-heading\">Mit einem herzlichen Dank auch an Jessica, die unserem Schiff sehr verbunden ist.<\/h5>\n\n\n\n<h4 class=\"wp-block-heading\">&#8212;&#8212;&#8212;&#8212;&#8212;&#8212;&#8212;&#8212;&#8212;&#8212;&#8212;&#8212;&#8212;&#8212;&#8212;&#8212;&#8212;&#8212;&#8212;&#8212;&#8212;-<\/h4>\n\n\n\n<h4 class=\"wp-block-heading\">Wir haben ein ganz besonderes und&nbsp;empfehlenswertes&nbsp;Buch f\u00fcr euch !<\/h4>\n\n\n\n<figure class=\"wp-block-image\"><img decoding=\"async\" src=\"http:\/\/bildungsschiff.de\/anna-lisa\/wp-content\/uploads\/2014\/07\/feuer-am-wind2-179x300.jpg\" alt=\"feuer am wind2\"\/><\/figure>\n\n\n\n<p>\nErschienen im Jahre 2014\n\n\n<\/p>\n\n\n\n<p>Das Buch ist ein Gemeinschaftsprojekt von 22 Schiffseignern und Vereinen, die ihre Traditionsschiffe mit gro\u00dfem Engagement am Leben erhalten. Es m\u00f6chte &#8211; ohne Anspruch auf Vollst\u00e4ndigkeit &#8211; einen Einblick in die weite und vielf\u00e4ltige Landschaft der Traditionsschiffe geben. Erg\u00e4nzt werden 25 Schiffsportr\u00e4ts durch drei Interviews zu aktuellen Fragestellungen.<\/p>\n\n\n\n<blockquote class=\"wp-block-quote is-layout-flow wp-block-quote-is-layout-flow\"><p>&#8222;Tradition ist nicht das Halten der Asche, sondern das Weitergeben der Flamme.&#8220; ( Thomas Morus )<\/p><\/blockquote>\n\n\n\n<p>Wer dieses Buch sein Eigen nennen m\u00f6chte, m\u00f6ge sich bitte bei uns melden.<\/p>\n\n\n\n<h5 class=\"wp-block-heading\">&#8222;Feuer am Wind&#8220; geht online:<\/h5>\n\n\n\n<p>Das Buch mit seinen Schiffportr\u00e4ts, Geschichten und Interviews ist nun online auf der Website<\/p>\n\n\n\n<p><a href=\"https:\/\/sedo.com\/search\/details\/?domain=www.traditionsschiffe.info&amp;campaignId=329145&amp;origin=sales_lander_15\">http:\/\/www.traditionsschiffe.info<\/a><\/p>\n\n\n\n<p>einsehbar. Die Website ist unbegrenzt erweiterbar, sodass neue Schiffe problemlos integriert werden k\u00f6nnen.<\/p>\n\n\n\n<p>Eine Neuauflage von &#8222;Feuer am Wind&#8220; gibt es jetzt zu kaufen !<\/p>\n\n\n\n<figure class=\"wp-block-image\"><a href=\"https:\/\/bildungsschiff.de\/anna-lisa\/anna-lisa-von-wischhafen\/rundrhin\/\"><img decoding=\"async\" src=\"http:\/\/bildungsschiff.de\/anna-lisa\/wp-content\/uploads\/2014\/07\/DSCN1914-rundrhin-300x225.jpg\" alt=\"\"\/><\/a><\/figure>\n","protected":false},"excerpt":{"rendered":"<p>Werftzeit 2018 Puh &#8211; das war das erste BINI-Werftwochenende 2018:Neben Unterwasserschiffs Bearbeitung mit Primer und Unterwasserfarbe gab es neben viel&hellip;<\/p>\n","protected":false},"author":4,"featured_media":0,"comment_status":"closed","ping_status":"closed","sticky":false,"template":"","format":"standard","meta":{"footnotes":""},"categories":[1],"tags":[],"class_list":["post-1723","post","type-post","status-publish","format-standard","hentry","category-allgemeines"],"_links":{"self":[{"href":"https:\/\/bildungsschiff.de\/anna-lisa\/wp-json\/wp\/v2\/posts\/1723","targetHints":{"allow":["GET"]}}],"collection":[{"href":"https:\/\/bildungsschiff.de\/anna-lisa\/wp-json\/wp\/v2\/posts"}],"about":[{"href":"https:\/\/bildungsschiff.de\/anna-lisa\/wp-json\/wp\/v2\/types\/post"}],"author":[{"embeddable":true,"href":"https:\/\/bildungsschiff.de\/anna-lisa\/wp-json\/wp\/v2\/users\/4"}],"replies":[{"embeddable":true,"href":"https:\/\/bildungsschiff.de\/anna-lisa\/wp-json\/wp\/v2\/comments?post=1723"}],"version-history":[{"count":26,"href":"https:\/\/bildungsschiff.de\/anna-lisa\/wp-json\/wp\/v2\/posts\/1723\/revisions"}],"predecessor-version":[{"id":2561,"href":"https:\/\/bildungsschiff.de\/anna-lisa\/wp-json\/wp\/v2\/posts\/1723\/revisions\/2561"}],"wp:attachment":[{"href":"https:\/\/bildungsschiff.de\/anna-lisa\/wp-json\/wp\/v2\/media?parent=1723"}],"wp:term":[{"taxonomy":"category","embeddable":true,"href":"https:\/\/bildungsschiff.de\/anna-lisa\/wp-json\/wp\/v2\/categories?post=1723"},{"taxonomy":"post_tag","embeddable":true,"href":"https:\/\/bildungsschiff.de\/anna-lisa\/wp-json\/wp\/v2\/tags?post=1723"}],"curies":[{"name":"wp","href":"https:\/\/api.w.org\/{rel}","templated":true}]}}