{"id":1771,"date":"2016-07-10T12:27:37","date_gmt":"2016-07-10T11:27:37","guid":{"rendered":"https:\/\/bildungsschiff.de\/anna-lisa\/?p=1771"},"modified":"2022-06-29T16:40:10","modified_gmt":"2022-06-29T15:40:10","slug":"ueberfuehrungstoern-von-wischhafen-nach-husum","status":"publish","type":"post","link":"https:\/\/bildungsschiff.de\/anna-lisa\/ueberfuehrungstoern-von-wischhafen-nach-husum\/","title":{"rendered":"\u00dcberf\u00fchrungst\u00f6rn von Wischhafen nach Husum"},"content":{"rendered":"\n<h2 class=\"wp-block-heading\">Mit R\u00fcckblick auf den Jugendt\u00f6rn<\/h2>\n\n\n\n<p>Die \u00dcberf\u00fchrung hat gut geklappt. Elmar, Cristoph, Rainer und ich sind mit unserer Jugendgruppe bei wechselhaften Wetter gut in Husum angekommen. Die Kids haben das Schiff geentert und hatten eine Menge Spass mit Schiff, Watt und einer gewonnener Regatta von Pellworm nach Husum mit der Windsbraut von Stade.<\/p>\n\n\n\n<p>Lieben Gru\u00df<\/p>\n\n\n\n<p>Stefan<\/p>\n\n\n\n<h6 class=\"wp-block-heading\"><\/h6>\n\n\n\n<p>Was f\u00fcr ein toller T\u00f6rn. Nun hatten wir nach einigem hin und her 11 Jugendliche an Bord. 8 Jungs und 3 M\u00e4dchen sowie 4 Erwachsene. Nach reichlichem Badespa\u00df in der Oste ging es am Dienstag bei flauen Wind und 1,5 m Welle nach Pellworm.<\/p>\n\n\n\n<p>Die gr\u00fcnen Gesichter k\u00f6nnt Ihr Euch sicher vorstellen. Aber sobald im Heverstrom die Welle weniger wurde, war die Laune wieder oben und neue Badefreuden lockten. Am n\u00e4chsten Abend mit Versprechen auf kr\u00e4ftig Wind, segelten wir sutje hinter Hallig Gr\u00f6de wo wir 3 Tiden mit Spielen, Wattwandern, Baden, Muschel sammeln, Rost Kloppen und Malen verbrachten.<\/p>\n\n\n\n<p>Zur\u00fcck nach Pellworm kam uns in der Hafeneinfahrt Petrine entgegen. Drinnen lag noch die Windsbraut von Stade, mit der wir einen gemeinsamen Schlag nach Husum am n\u00e4chsten Tag verabredeten. Der Ehrgeiz war geweckt. Das legend\u00e4re Ewer Rennen von 2016 wurde bei strahlendem Sonnenschein mit einer 3\/4 Meile Vorsprung f\u00fcr uns entschieden.<\/p>\n\n\n\n<p>Mit Fridtjof am Ruder, stolz wie Oskar, und Jim am Trimm. Als unsere Fu\u00dfballelf abends gegen Italien im public viewing noch f\u00fcr einen unvergleichlichen Krimi sorgte, war alles rund in jedem Sinn. DANKE Christoph, Stefan und Rainer f\u00fcr Euren Einsatz!<\/p>\n\n\n\n<p>Ich freu mich schon aufs n\u00e4chste Mal.<\/p>\n\n\n\n<p>Euer Elmar<\/p>\n","protected":false},"excerpt":{"rendered":"<p>Mit R\u00fcckblick auf den Jugendt\u00f6rn Die \u00dcberf\u00fchrung hat gut geklappt. Elmar, Cristoph, Rainer und ich sind mit unserer Jugendgruppe bei&hellip;<\/p>\n","protected":false},"author":4,"featured_media":0,"comment_status":"closed","ping_status":"closed","sticky":false,"template":"","format":"standard","meta":{"footnotes":""},"categories":[8],"tags":[],"class_list":["post-1771","post","type-post","status-publish","format-standard","hentry","category-toernberichte-und-meer"],"_links":{"self":[{"href":"https:\/\/bildungsschiff.de\/anna-lisa\/wp-json\/wp\/v2\/posts\/1771","targetHints":{"allow":["GET"]}}],"collection":[{"href":"https:\/\/bildungsschiff.de\/anna-lisa\/wp-json\/wp\/v2\/posts"}],"about":[{"href":"https:\/\/bildungsschiff.de\/anna-lisa\/wp-json\/wp\/v2\/types\/post"}],"author":[{"embeddable":true,"href":"https:\/\/bildungsschiff.de\/anna-lisa\/wp-json\/wp\/v2\/users\/4"}],"replies":[{"embeddable":true,"href":"https:\/\/bildungsschiff.de\/anna-lisa\/wp-json\/wp\/v2\/comments?post=1771"}],"version-history":[{"count":5,"href":"https:\/\/bildungsschiff.de\/anna-lisa\/wp-json\/wp\/v2\/posts\/1771\/revisions"}],"predecessor-version":[{"id":2386,"href":"https:\/\/bildungsschiff.de\/anna-lisa\/wp-json\/wp\/v2\/posts\/1771\/revisions\/2386"}],"wp:attachment":[{"href":"https:\/\/bildungsschiff.de\/anna-lisa\/wp-json\/wp\/v2\/media?parent=1771"}],"wp:term":[{"taxonomy":"category","embeddable":true,"href":"https:\/\/bildungsschiff.de\/anna-lisa\/wp-json\/wp\/v2\/categories?post=1771"},{"taxonomy":"post_tag","embeddable":true,"href":"https:\/\/bildungsschiff.de\/anna-lisa\/wp-json\/wp\/v2\/tags?post=1771"}],"curies":[{"name":"wp","href":"https:\/\/api.w.org\/{rel}","templated":true}]}}