{"id":1775,"date":"2016-07-31T12:33:15","date_gmt":"2016-07-31T11:33:15","guid":{"rendered":"https:\/\/bildungsschiff.de\/anna-lisa\/?p=1775"},"modified":"2019-10-27T15:11:27","modified_gmt":"2019-10-27T14:11:27","slug":"segeln-im-rhythmus-der-gezeiten","status":"publish","type":"post","link":"https:\/\/bildungsschiff.de\/anna-lisa\/segeln-im-rhythmus-der-gezeiten\/","title":{"rendered":"SEGELN IM RHYTHMUS DER GEZEITEN"},"content":{"rendered":"\n<h2 class=\"wp-block-heading\">T\u00f6rn  24.07. bis 31.07.2016 <\/h2>\n\n\n\n<p>Sonntag morgen in Husum um 5:30 Uhr raus nach einer  Sicherheitseinweisung, schwacher Wind, Segelversuch bei 1-2 bft, sp\u00e4ter mit Motor nach S\u00fcderoog, dort ins Watt, Krabben gefangen und gekocht.<br \/>Montag morgens um 5:30 Uhr (ich liebe Fr\u00fchaufstehertouren) r\u00fcber nach Hooge an den alten Anleger, Hallig erkundet: Montags hat die Kirchwarft zu.<br \/>Abends nach Langeness gesegelt, unter Segeln im Naturhafen Ilef den Anker geworfen und dort die Nacht verbracht.<br \/>Bei den Touren war nat\u00fcrlich das Watt mit seinen Bewohnern (&#8222;guck mal, schon wieder ein Seehund!&#8220;), der Geschichte der Region und die Belange des Naturschutzes immer wieder Thema.<br \/>Dienstag erst um 8:00 Uhr Anker auf, Richtung Amrum unter allen Segeln, kreuzen, kreuzen, kreuzen &#8230;<br \/>Abends fest im Tonnenhafen.<br \/>Mittwoch Inseltag mit Erkundung von Amrum, Einkauf,Kontakte zu den Eingeborenen kn\u00fcpfen, abends haben wir Platz gemacht f\u00fcr den Tonnenleger und haben nach Steenodde verholt.<br \/>Donnerstag war der lange Segeltag: von Amrum aus au\u00dfen um die S\u00e4nde gesegelt (zeitweise ged\u00fcmpelt), strahlender Sonnenschein, glatte See. Morgens um 8:00 Uhr los, Schmaltief, Norderhever wieder rein gegen 16:00 Uhr, Anker gegen 18:00 Uhr bei S\u00fcderoog, rauschende Feier in Pauls Geburtstag.<br \/>Heute morgen nach S\u00fcdfall, jetzt liegen wir trocken und suchen Rungholt.<br \/>Soeben wurden die ersten Entw\u00e4sserungslinien entdeckt (kein Scherz!), sind deutlich sichtbar in Richtung Pellworm.<br \/>Soweit f\u00fcr heute, haben morgen noch einen vollen Segeltag.<br \/>Ach ja, das Wetter war bis auf ein paar Schauer und die heutige K\u00e4ltewelle gut, wir haben viel gebadet, Austern und Muscheln gejagt und auch sonst geschlemmt, die Leute an Bord geben alles &#8230;<\/p>\n\n\n\n<p>Dieter<\/p>\n","protected":false},"excerpt":{"rendered":"<p>T\u00f6rn 24.07. bis 31.07.2016 Sonntag morgen in Husum um 5:30 Uhr raus nach einer Sicherheitseinweisung, schwacher Wind, Segelversuch bei 1-2&hellip;<\/p>\n","protected":false},"author":4,"featured_media":0,"comment_status":"closed","ping_status":"closed","sticky":false,"template":"","format":"standard","meta":{"footnotes":""},"categories":[8],"tags":[],"class_list":["post-1775","post","type-post","status-publish","format-standard","hentry","category-toernberichte-und-meer"],"_links":{"self":[{"href":"https:\/\/bildungsschiff.de\/anna-lisa\/wp-json\/wp\/v2\/posts\/1775","targetHints":{"allow":["GET"]}}],"collection":[{"href":"https:\/\/bildungsschiff.de\/anna-lisa\/wp-json\/wp\/v2\/posts"}],"about":[{"href":"https:\/\/bildungsschiff.de\/anna-lisa\/wp-json\/wp\/v2\/types\/post"}],"author":[{"embeddable":true,"href":"https:\/\/bildungsschiff.de\/anna-lisa\/wp-json\/wp\/v2\/users\/4"}],"replies":[{"embeddable":true,"href":"https:\/\/bildungsschiff.de\/anna-lisa\/wp-json\/wp\/v2\/comments?post=1775"}],"version-history":[{"count":1,"href":"https:\/\/bildungsschiff.de\/anna-lisa\/wp-json\/wp\/v2\/posts\/1775\/revisions"}],"predecessor-version":[{"id":1776,"href":"https:\/\/bildungsschiff.de\/anna-lisa\/wp-json\/wp\/v2\/posts\/1775\/revisions\/1776"}],"wp:attachment":[{"href":"https:\/\/bildungsschiff.de\/anna-lisa\/wp-json\/wp\/v2\/media?parent=1775"}],"wp:term":[{"taxonomy":"category","embeddable":true,"href":"https:\/\/bildungsschiff.de\/anna-lisa\/wp-json\/wp\/v2\/categories?post=1775"},{"taxonomy":"post_tag","embeddable":true,"href":"https:\/\/bildungsschiff.de\/anna-lisa\/wp-json\/wp\/v2\/tags?post=1775"}],"curies":[{"name":"wp","href":"https:\/\/api.w.org\/{rel}","templated":true}]}}