{"id":1797,"date":"2018-09-29T13:17:26","date_gmt":"2018-09-29T12:17:26","guid":{"rendered":"https:\/\/bildungsschiff.de\/anna-lisa\/?p=1797"},"modified":"2019-10-27T15:12:17","modified_gmt":"2019-10-27T14:12:17","slug":"rund-rhin-toern-2018","status":"publish","type":"post","link":"https:\/\/bildungsschiff.de\/anna-lisa\/rund-rhin-toern-2018\/","title":{"rendered":"Rund Rhin T\u00f6rn 2018"},"content":{"rendered":"\n<p>Mit den M\u00fcnsteranern, der Jugendgruppe und einigen G\u00e4sten sind wir abends mit Bl\u00fcmchen auf dem Tisch noch r\u00fcber von Wischhafen nach Gl\u00fcckstadt gefahren. Morgens feinstes Segelwetter. Gegen 10.00 Uhr in Gl\u00fcckstadt abgelegt und raus in das Gl\u00fcckstadt Fahrwasser. Um 11.00 Uhr ging es dann los.<\/p>\n\n\n\n<figure class=\"wp-block-image\"><a href=\"http:\/\/bildungsschiff.de\/anna-lisa\/toern-berichte-und-eindruecke-auf-see\/p1000556\/\"><img decoding=\"async\" src=\"http:\/\/bildungsschiff.de\/anna-lisa\/wp-content\/uploads\/2019\/01\/P1000556-300x200.jpg\" alt=\"\"\/><\/a><\/figure>\n\n\n\n<p>Unter Vollzeug &amp; Topsegel mit engagierter Crew sind wir bei blauem Himmel mit leichter Brise und selbstgebackenem Kuchen im gut besetzten Feld als schnellster Ewer im Ziel.<\/p>\n\n\n\n<figure class=\"wp-block-image\"><a href=\"http:\/\/bildungsschiff.de\/anna-lisa\/toern-berichte-und-eindruecke-auf-see\/p1000452\/\"><img decoding=\"async\" src=\"http:\/\/bildungsschiff.de\/anna-lisa\/wp-content\/uploads\/2019\/01\/P1000452-300x200.jpg\" alt=\"\"\/><\/a><\/figure>\n\n\n\n<figure class=\"wp-block-image\"><a href=\"http:\/\/bildungsschiff.de\/anna-lisa\/toern-berichte-und-eindruecke-auf-see\/p1000600\/\"><img decoding=\"async\" src=\"http:\/\/bildungsschiff.de\/anna-lisa\/wp-content\/uploads\/2019\/01\/P1000600-300x200.jpg\" alt=\"\"\/><\/a><\/figure>\n\n\n\n<p>Nachmittags reger Austausch mit den anderen Schiffen, den \u00fcblichen Verd\u00e4chtigen und auch neuem Volke. Nach der Siegerehrung zum Abendbrot auf die VROUWEZAND, dann nochmal zu Horst und B\u00e4rbel auf ein Bier die neue HR 31 anschauen. Im Anschluss gab es im Schuppen die Dias des Tages zu schauen.<\/p>\n\n\n\n<p>F\u00fcr einige zog sich dann der Abend noch hin. Dies zahlte sich aber nicht aus, denn Elmar hatte noch die Royalbramrahen, (ca. 12,50 m lang &amp; mehrere) von der GORCH FOCK glaub ich ( Anm. v. Lars: glaub ich ja nicht!), gefischt. Die mussten r\u00fcber nach Wischhafen. Ab ca 6.00 Uhr morgens am Sonntag wurde mit Fridtjof gestaut. R\u00fcber zum Sperrwerk nach Wischhafen. Dort verlassen die G\u00e4ste das Schiff. Die Royalbramrahen auch. Wir haben sie mit Taljen und langen Tauen vom Dach der Sperrwerkskanzel von Bord gehievt. Sind ein wenig sp\u00e4t dran. Schon geht es weiter mit kleiner Crew &amp; sch\u00f6nem Segelvormittag an den Schlengel von Neuhaus an der Oste, wo demn\u00e4chst die Wildganstage beginnen.<\/p>\n\n\n\n<p>Gru\u00df<\/p>\n\n\n\n<p>Christoph<\/p>\n","protected":false},"excerpt":{"rendered":"<p>Mit den M\u00fcnsteranern, der Jugendgruppe und einigen G\u00e4sten sind wir abends mit Bl\u00fcmchen auf dem Tisch noch r\u00fcber von Wischhafen&hellip;<\/p>\n","protected":false},"author":4,"featured_media":0,"comment_status":"closed","ping_status":"closed","sticky":false,"template":"","format":"standard","meta":{"footnotes":""},"categories":[8],"tags":[],"class_list":["post-1797","post","type-post","status-publish","format-standard","hentry","category-toernberichte-und-meer"],"_links":{"self":[{"href":"https:\/\/bildungsschiff.de\/anna-lisa\/wp-json\/wp\/v2\/posts\/1797","targetHints":{"allow":["GET"]}}],"collection":[{"href":"https:\/\/bildungsschiff.de\/anna-lisa\/wp-json\/wp\/v2\/posts"}],"about":[{"href":"https:\/\/bildungsschiff.de\/anna-lisa\/wp-json\/wp\/v2\/types\/post"}],"author":[{"embeddable":true,"href":"https:\/\/bildungsschiff.de\/anna-lisa\/wp-json\/wp\/v2\/users\/4"}],"replies":[{"embeddable":true,"href":"https:\/\/bildungsschiff.de\/anna-lisa\/wp-json\/wp\/v2\/comments?post=1797"}],"version-history":[{"count":1,"href":"https:\/\/bildungsschiff.de\/anna-lisa\/wp-json\/wp\/v2\/posts\/1797\/revisions"}],"predecessor-version":[{"id":1798,"href":"https:\/\/bildungsschiff.de\/anna-lisa\/wp-json\/wp\/v2\/posts\/1797\/revisions\/1798"}],"wp:attachment":[{"href":"https:\/\/bildungsschiff.de\/anna-lisa\/wp-json\/wp\/v2\/media?parent=1797"}],"wp:term":[{"taxonomy":"category","embeddable":true,"href":"https:\/\/bildungsschiff.de\/anna-lisa\/wp-json\/wp\/v2\/categories?post=1797"},{"taxonomy":"post_tag","embeddable":true,"href":"https:\/\/bildungsschiff.de\/anna-lisa\/wp-json\/wp\/v2\/tags?post=1797"}],"curies":[{"name":"wp","href":"https:\/\/api.w.org\/{rel}","templated":true}]}}