{"id":1799,"date":"2018-11-06T13:22:47","date_gmt":"2018-11-06T12:22:47","guid":{"rendered":"https:\/\/bildungsschiff.de\/anna-lisa\/?p=1799"},"modified":"2020-02-15T12:37:26","modified_gmt":"2020-02-15T11:37:26","slug":"rund-rhin-regatta-2018","status":"publish","type":"post","link":"https:\/\/bildungsschiff.de\/anna-lisa\/rund-rhin-regatta-2018\/","title":{"rendered":"Rund Rhin Regatta 2018"},"content":{"rendered":"\n<h2 class=\"wp-block-heading\">Zum Rhinplate Rund folgender Bericht aus der Erinnerung:<\/h2>\n\n\n\n<p>Nach einer sehr aktiven Werftzeit f\u00fchlte sich die Teilnahme an der Rhinregatta in diesem Jahr wie ein Dankesch\u00f6nbonbon der alten Dame an und begann mit einer sonnigen Abend\u00fcberfahrt nach Gl\u00fcckstadt.<\/p>\n\n\n\n<figure class=\"wp-block-image\"><a href=\"http:\/\/bildungsschiff.de\/anna-lisa\/toern-berichte-und-eindruecke-auf-see\/p1000311\/\"><img decoding=\"async\" src=\"http:\/\/bildungsschiff.de\/anna-lisa\/wp-content\/uploads\/2019\/01\/P1000311-300x200.jpg\" alt=\"\"\/><\/a><\/figure>\n\n\n\n<p>Nach einem netten Wiedersehen mit den anderen Gafflern und ihren Crews am Abend gab es Samstagmorgen das-wie immer reichliche, liebevoll zubereitete Fr\u00fchst\u00fcck auf dem K\u00dcMO Greundiek mit anschlie\u00dfender Skippl\u00e4uterung (&#8230; wer mag kann das ein oder andere &#8222;er&#8220; ja noch einf\u00fcgen). Mangelnde Akustik und mangelnde Kenntnisse \u00fcber die Drehrichtung von Zeitmessern ergaben illustere tumultartige Wortgefechte, aber am Ende waren sich wie immer alle einig&#8230; wir fahren dann mal , der erste voran! und wir hinterher. Denkste! Nach [!] dem Start verhedderte sich an Bord die geballte Kompetenz in unserem improvisierten Topsegel.<\/p>\n\n\n\n<figure class=\"wp-block-image\"><img decoding=\"async\" src=\"http:\/\/bildungsschiff.de\/anna-lisa\/wp-content\/uploads\/2018\/11\/ANNA_LISA2-300x225.jpg\" alt=\"\"\/><\/figure>\n\n\n\n<p>Interessant auf wie vielf\u00e4ltige Art man so etwas setzen kann und in welche Richtung es dann zieht. ..Also kurz vor der Nord stand es endlich pr\u00e4chtig und voller Energie. Nun wollte sich T\u00f6nne mit der Wohlfahrt ach nee Wellfahrt nach der Wende partou unter unseren Steven man\u00f6verieren, aber der brave Deutz hatte mit einem kleinen Spontanstart nochmal den Daumen dazwischen gehalten (sorry mein lieber). Im Hauptstrom war uns Rasmus gewogen jedenfalls lie\u00dfen wir ein Plattbodenschiff nach dem anderen hinter uns und waren am Ende erster Ewer im Ziel, sehr zum Stolz der Crew und besonders des Ruderg\u00e4ngers Jonas, dessen komplette Familie uns von der Mole Standing Ovations lieferte.<\/p>\n\n\n\n<figure class=\"wp-block-image\"><a href=\"http:\/\/bildungsschiff.de\/anna-lisa\/toern-berichte-und-eindruecke-auf-see\/p1000602\/\"><img decoding=\"async\" src=\"http:\/\/bildungsschiff.de\/anna-lisa\/wp-content\/uploads\/2019\/01\/P1000602-200x300.jpg\" alt=\"\"\/><\/a><\/figure>\n\n\n\n<p>Besonders zu erw\u00e4hnen ist noch die kleine Greta, die nach 11 Jahren Abstinenz nun fulminant und elegant als erster Arbeitssegler durchs Ziel ging!!! Auch die n\u00e4chste Generation wei\u00df mit den alten Damen umzugehen! Preisvergeudung diesmal an der Greundiek, wo anschlie\u00dfend wieder lecker gespiesen wurde. Nach einem zum Teil recht Zechreichen Abend ging es am n\u00e4chsten Morgen zur\u00fcck nach Wischhafen, wo die M\u00fcnsteraner Fraktion und die Ladung ( wir haben den alten Mast der Rigmor von Gl\u00fcckstadt als Reservespiere erstanden und aus Gl\u00fcckstadt mitgenommen )am Sperrwerk an Land gebracht wurde. Die Jugendgang brachte das Schiff dann noch nach Neuhaus mit immer mehr auffrischendem Wind auf den Kopf, weswegen wir bei Brunsb\u00fcttel die Segel einholten. Gegen 16.00 Uhr war wieder alles klar Schiff und wir um ein tolles Erlebnis reicher. Danke, Anna Lisa, und danke an die Jugendlichen, es macht immer wieder Spa\u00df mit Eurem Einsatz die Kiste in Fahrt zu bringen. <\/p>\n\n\n\n<p>Gr\u00fc\u00dfe<\/p>\n\n\n\n<p>Elmar<\/p>\n","protected":false},"excerpt":{"rendered":"<p>Zum Rhinplate Rund folgender Bericht aus der Erinnerung: Nach einer sehr aktiven Werftzeit f\u00fchlte sich die Teilnahme an der Rhinregatta&hellip;<\/p>\n","protected":false},"author":4,"featured_media":0,"comment_status":"closed","ping_status":"closed","sticky":false,"template":"","format":"standard","meta":{"footnotes":""},"categories":[8],"tags":[],"class_list":["post-1799","post","type-post","status-publish","format-standard","hentry","category-toernberichte-und-meer"],"_links":{"self":[{"href":"https:\/\/bildungsschiff.de\/anna-lisa\/wp-json\/wp\/v2\/posts\/1799","targetHints":{"allow":["GET"]}}],"collection":[{"href":"https:\/\/bildungsschiff.de\/anna-lisa\/wp-json\/wp\/v2\/posts"}],"about":[{"href":"https:\/\/bildungsschiff.de\/anna-lisa\/wp-json\/wp\/v2\/types\/post"}],"author":[{"embeddable":true,"href":"https:\/\/bildungsschiff.de\/anna-lisa\/wp-json\/wp\/v2\/users\/4"}],"replies":[{"embeddable":true,"href":"https:\/\/bildungsschiff.de\/anna-lisa\/wp-json\/wp\/v2\/comments?post=1799"}],"version-history":[{"count":3,"href":"https:\/\/bildungsschiff.de\/anna-lisa\/wp-json\/wp\/v2\/posts\/1799\/revisions"}],"predecessor-version":[{"id":2305,"href":"https:\/\/bildungsschiff.de\/anna-lisa\/wp-json\/wp\/v2\/posts\/1799\/revisions\/2305"}],"wp:attachment":[{"href":"https:\/\/bildungsschiff.de\/anna-lisa\/wp-json\/wp\/v2\/media?parent=1799"}],"wp:term":[{"taxonomy":"category","embeddable":true,"href":"https:\/\/bildungsschiff.de\/anna-lisa\/wp-json\/wp\/v2\/categories?post=1799"},{"taxonomy":"post_tag","embeddable":true,"href":"https:\/\/bildungsschiff.de\/anna-lisa\/wp-json\/wp\/v2\/tags?post=1799"}],"curies":[{"name":"wp","href":"https:\/\/api.w.org\/{rel}","templated":true}]}}