{"id":1803,"date":"2018-07-30T13:29:43","date_gmt":"2018-07-30T12:29:43","guid":{"rendered":"https:\/\/bildungsschiff.de\/anna-lisa\/?p=1803"},"modified":"2019-10-27T15:10:44","modified_gmt":"2019-10-27T14:10:44","slug":"anna-lisa-jugendtour","status":"publish","type":"post","link":"https:\/\/bildungsschiff.de\/anna-lisa\/anna-lisa-jugendtour\/","title":{"rendered":"ANNA-LISA Jugendtour"},"content":{"rendered":"\n<h2 class=\"wp-block-heading\">Juli 2018<\/h2>\n\n\n\n<p>Die 14 Jugendlichen der diesj\u00e4hrigen Sommertour bestanden aus Mitgliedern der eigenen Jugendgruppe, Wiederholungst\u00e4tern der letzten Fahrt und einem Praktikanten von der WILHELMINE Crew.<\/p>\n\n\n\n<figure class=\"wp-block-image\"><a href=\"http:\/\/bildungsschiff.de\/anna-lisa\/toern-berichte-und-eindruecke-auf-see\/20180718_161534_film1\/\"><img decoding=\"async\" src=\"http:\/\/bildungsschiff.de\/anna-lisa\/wp-content\/uploads\/2019\/01\/20180718_161534_Film1-300x225.jpg\" alt=\"\"\/><\/a><\/figure>\n\n\n\n<p>Nach abendlicher Sicherheitseinweisung, Creweinteilung und Kl\u00e4rung der Backschaft ging es gegen 5:00  Uhr morgens von Husum ab in die nordfriesische Inselwelt. Wir haben die gro\u00dfen Str\u00e4nde Amrums abgefeiert, wie auch die Abgeschiedenheit der Halligen Gr\u00f6de-Appelland und Oland genossen. Es gab Meeresleuchten, viele Schweinswalsichtungen, Krabbenfangen im Priel nach Trockenfallen, Streichelschafe auf Gr\u00f6de, Robbenb\u00e4nke in unmittelbarer N\u00e4he und Sonne, Sonne, Sonne.<\/p>\n\n\n\n<p>Auch wurde viel gebastelt. Der verstopfte Au\u00dfenborder wurde zerlegt, gesp\u00fclt und repariert. Er funktioniert jetzt einwandfrei. Neue Festmacher wurden gesplei\u00dft, wie auch ein neues Piekfall am Gro\u00df eingeschoren. Einen Tag haben wir mit dem schwerg\u00e4ngigen J\u00e4ger verbracht (Stagreiter neu angen\u00e4ht, Niederholerverlauf ge\u00e4ndert &amp;&amp;&amp;). Au\u00dferdem ist eine Feuerl\u00f6sch\u00fcbung bei strahlendem Sonnenschein und Mittagshitze auch gar nicht das Schlechteste.<\/p>\n\n\n\n<p>Insgesamt war es eine sch\u00f6ne Sommersegelei. Mit max. 3-4 Bft. herrschten ideale Verh\u00e4ltnisse zum \u00dcben mit den Jugendlichen. Am Ende der Woche funktionierten alle Man\u00f6ver ohne vorherige Erkl\u00e4rungen reibungslos auf Kommando. Das kniffelige Wenden der alten Dame im engen Hafen von Oland mit Vorgeschirr \u00fcber Land war dabei das spannendste Man\u00f6ver.<\/p>\n","protected":false},"excerpt":{"rendered":"<p>Juli 2018 Die 14 Jugendlichen der diesj\u00e4hrigen Sommertour bestanden aus Mitgliedern der eigenen Jugendgruppe, Wiederholungst\u00e4tern der letzten Fahrt und einem&hellip;<\/p>\n","protected":false},"author":4,"featured_media":0,"comment_status":"closed","ping_status":"closed","sticky":false,"template":"","format":"standard","meta":{"footnotes":""},"categories":[8],"tags":[],"class_list":["post-1803","post","type-post","status-publish","format-standard","hentry","category-toernberichte-und-meer"],"_links":{"self":[{"href":"https:\/\/bildungsschiff.de\/anna-lisa\/wp-json\/wp\/v2\/posts\/1803","targetHints":{"allow":["GET"]}}],"collection":[{"href":"https:\/\/bildungsschiff.de\/anna-lisa\/wp-json\/wp\/v2\/posts"}],"about":[{"href":"https:\/\/bildungsschiff.de\/anna-lisa\/wp-json\/wp\/v2\/types\/post"}],"author":[{"embeddable":true,"href":"https:\/\/bildungsschiff.de\/anna-lisa\/wp-json\/wp\/v2\/users\/4"}],"replies":[{"embeddable":true,"href":"https:\/\/bildungsschiff.de\/anna-lisa\/wp-json\/wp\/v2\/comments?post=1803"}],"version-history":[{"count":1,"href":"https:\/\/bildungsschiff.de\/anna-lisa\/wp-json\/wp\/v2\/posts\/1803\/revisions"}],"predecessor-version":[{"id":1804,"href":"https:\/\/bildungsschiff.de\/anna-lisa\/wp-json\/wp\/v2\/posts\/1803\/revisions\/1804"}],"wp:attachment":[{"href":"https:\/\/bildungsschiff.de\/anna-lisa\/wp-json\/wp\/v2\/media?parent=1803"}],"wp:term":[{"taxonomy":"category","embeddable":true,"href":"https:\/\/bildungsschiff.de\/anna-lisa\/wp-json\/wp\/v2\/categories?post=1803"},{"taxonomy":"post_tag","embeddable":true,"href":"https:\/\/bildungsschiff.de\/anna-lisa\/wp-json\/wp\/v2\/tags?post=1803"}],"curies":[{"name":"wp","href":"https:\/\/api.w.org\/{rel}","templated":true}]}}