{"id":1805,"date":"2018-06-22T13:33:03","date_gmt":"2018-06-22T12:33:03","guid":{"rendered":"https:\/\/bildungsschiff.de\/anna-lisa\/?p=1805"},"modified":"2019-10-27T15:10:55","modified_gmt":"2019-10-27T14:10:55","slug":"dieters-toern-nach-nordfriesland","status":"publish","type":"post","link":"https:\/\/bildungsschiff.de\/anna-lisa\/dieters-toern-nach-nordfriesland\/","title":{"rendered":"Dieters T\u00f6rn nach Nordfriesland"},"content":{"rendered":"\n<h2 class=\"wp-block-heading\">Juni 2018<\/h2>\n\n\n\n<p>Wir sind in Nordfriesland!<br \/>Als ich am Donnerstag Abend in Wischhafen auf dem Schiff angekommen bin, hatte ich schon Zweifel, dass wir es schaffen, alles zum Auslaufen klar zu kriegen. Es sah ziemlich eng aus, die Gaffel war nicht dran und es war nur noch ein Tag \u00fcbrig.<br \/>Thorsten hat noch ordentlich viel gestrichen, man hat auch gesehen, dass davor viele Feinarbeiten von Tine und Sascha gemacht worden sind.<br \/>Am Freitag Nachmittag kamen die ersten vier Teilnehmer, zeitgleich mit der Gaffel.<br \/>Am Samstag sind wir gestartet, morgens um 5 r\u00fcber Richtung Gl\u00fcckstadt. Vor Anker hinter der Rihnplate, weil Mattjestage waren. Drei weitere Teilnehmer haben wir mit dem Beiboot abgeholt.<br \/>Von Gl\u00fcckstadt aus ins Osteriff, da haben wir meinen Geburtstag gefeiert. Das hat mir super gefallen. Sonntag nach Cuxhaven, da haben wir die letzten zwei Teilnehmer aufgelesen. Dann war der Tag sp\u00e4ter trotzdem Hin\u00fcber, wir haben das Spiel gegen M\u00e9xico am Weltempf\u00e4nger mitgeh\u00f6rt \ud83d\ude41<br \/>Die Nacht \u00fcber haben wir bei Gelbsand gelegen und den Robbenbabys beim Heulen zugeh\u00f6rt. Das war schon was Besonderes!<br \/>Montag an morgen um 5 Uhr haben wir uns Richtung Helgoland aufgemacht, angesagt war SSO 4. Genau richtig! Nach zwei Stunden gab es die ersten Ausf\u00e4lle bei der Besatzung, das mit den 4 Windst\u00e4rken stimmte auch nicht, war eher 5-6. Und die Wellenh\u00f6he war auch sehr defensiv vorausgesagt.<br \/>Wir haben Helgoland aufgegeben und sind direkt nach Norden abgebogen. Das gab erheblich weniger Ausf\u00e4lle, war aber insgesamt sehr anstrengend. 12 Stunden unterwegs, dann waren wir auf Pellworm. <\/p>\n\n\n\n<blockquote class=\"wp-block-quote is-layout-flow wp-block-quote-is-layout-flow\"><p>Ist doch egal, was Ihr plant, wir kommen ja doch nach Pellworm.<\/p><cite> Original-Ton Anne (die schon jahrelang mitf\u00e4hrt)<\/cite><\/blockquote>\n\n\n\n<p>Jetzt liegen wir vor Gr\u00f6de, die Sonne scheint, die M\u00f6wen br\u00fcllen.<br \/>Alles ist gut!<br \/><br \/>Am Standort hat sich die n\u00e4chsten vier Tage wenig ge\u00e4ndert, aber das mit der Sonne war dann nicht mehr. Statt dessen NW 6-7, in B\u00f6en bis 9. Wir haben in flaches Wasser verholt und abgewartet. Eigentlich wollten wir am Samstag zur\u00fcck in S\u00fcderhafen sein, das wurde aber nichts. Wir sind am Samstag morgen los von Gr\u00f6de und waren abends vor S\u00fcderhafen. Der Wind war bei 6 aus West. Wir hatten Fock und Besan gerefft, die \u00dcberfahrt war dann gut zu machen. Am Sonntag morgen sind wir dann in S\u00fcderhafen eingelaufen. Wie immer wurden wir gastlich aufgenommen, der Watt\u2018n Grill ist schon Klasse! Wir kriegen Strom und Wasser von denen und werden unseren M\u00fcll los.<br \/>Heute haben wir das Echolot \u00fcberpr\u00fcfen lassen. Es ist halt alt und gebrechlich. Wir haben ein neues bestellt, der Geber sollte passen. Bauen wir ein.<br \/>Die rechte Niedergangst\u00fcr wurde von einer B\u00f6 erlegt, sieht gebrochen aus. Wir leimen sie.<\/p>\n\n\n\n<p>Jetzt zum Schluss das Ergebnis der Liegetage hinter Gr\u00f6de. Irgendwas muss man ja machen, z.B. Kochen und Essen. Die Stimmung war trotz Sturm und Regen die ganze Zeit entspannt, was auch an der exquisiten K\u00fcche lag:<\/p>\n\n\n\n<p>Rezepte, wenn man den vierten Tag hinter Gr\u00f6de liegt und wartet, dass der Nordost auf 6 abflaut findet Ihr im <a href=\"https:\/\/bildungsschiff.de\/anna-lisa\/anna-lisa-kocht-lecker\/\">ANNA-LISA-Kochbuch<\/a>.<\/p>\n\n\n\n<p>Es ist der 22.06.2018, es ist mollig warm, der Ofen bullert fr\u00f6hlich vor sich hin.<\/p>\n\n\n\n<p>Viele Gr\u00fc\u00dfe<\/p>\n\n\n\n<p>Dieter<\/p>\n","protected":false},"excerpt":{"rendered":"<p>Juni 2018 Wir sind in Nordfriesland!Als ich am Donnerstag Abend in Wischhafen auf dem Schiff angekommen bin, hatte ich schon&hellip;<\/p>\n","protected":false},"author":4,"featured_media":0,"comment_status":"closed","ping_status":"closed","sticky":false,"template":"","format":"standard","meta":{"footnotes":""},"categories":[8],"tags":[],"class_list":["post-1805","post","type-post","status-publish","format-standard","hentry","category-toernberichte-und-meer"],"_links":{"self":[{"href":"https:\/\/bildungsschiff.de\/anna-lisa\/wp-json\/wp\/v2\/posts\/1805","targetHints":{"allow":["GET"]}}],"collection":[{"href":"https:\/\/bildungsschiff.de\/anna-lisa\/wp-json\/wp\/v2\/posts"}],"about":[{"href":"https:\/\/bildungsschiff.de\/anna-lisa\/wp-json\/wp\/v2\/types\/post"}],"author":[{"embeddable":true,"href":"https:\/\/bildungsschiff.de\/anna-lisa\/wp-json\/wp\/v2\/users\/4"}],"replies":[{"embeddable":true,"href":"https:\/\/bildungsschiff.de\/anna-lisa\/wp-json\/wp\/v2\/comments?post=1805"}],"version-history":[{"count":1,"href":"https:\/\/bildungsschiff.de\/anna-lisa\/wp-json\/wp\/v2\/posts\/1805\/revisions"}],"predecessor-version":[{"id":1806,"href":"https:\/\/bildungsschiff.de\/anna-lisa\/wp-json\/wp\/v2\/posts\/1805\/revisions\/1806"}],"wp:attachment":[{"href":"https:\/\/bildungsschiff.de\/anna-lisa\/wp-json\/wp\/v2\/media?parent=1805"}],"wp:term":[{"taxonomy":"category","embeddable":true,"href":"https:\/\/bildungsschiff.de\/anna-lisa\/wp-json\/wp\/v2\/categories?post=1805"},{"taxonomy":"post_tag","embeddable":true,"href":"https:\/\/bildungsschiff.de\/anna-lisa\/wp-json\/wp\/v2\/tags?post=1805"}],"curies":[{"name":"wp","href":"https:\/\/api.w.org\/{rel}","templated":true}]}}