{"id":181,"date":"2014-05-11T12:08:57","date_gmt":"2014-05-11T11:08:57","guid":{"rendered":"http:\/\/bildungsschiff.de\/anna-lisa\/?p=181"},"modified":"2021-12-30T16:47:21","modified_gmt":"2021-12-30T15:47:21","slug":"nehmt-uns-nicht-den-wind-aus-den-segeln","status":"publish","type":"post","link":"https:\/\/bildungsschiff.de\/anna-lisa\/nehmt-uns-nicht-den-wind-aus-den-segeln\/","title":{"rendered":"Nehmt uns nicht den Wind aus den Segeln!"},"content":{"rendered":"<p>Unter dem Motto<\/p>\n<blockquote><p>Nehmt uns nicht den Wind aus den Segeln! Schiffe, Tradition, Ehrenamt erhalten<\/p><\/blockquote>\n<p>hat die Anna-Lisa in Kooperation mit der <a href=\"https:\/\/lovis.de\/die-lovis\/lovis-bleibt\/\">Lovis<\/a> bei der Parade der Traditions- und Museumsschiffe auf dem Hamburger Hafengeburtstag mit einem gro\u00dfen Banner auf die prek\u00e4re Situation der Traditionsschifffahrt aufmerksam gemacht.<\/p>\n<p>Wir fordern: Der Erhalt und Betrieb der Traditionsschiffe durch engagierte Ehrenamtliche in gemeinn\u00fctzigen Vereinen darf von der Politik nicht abges\u00e4gt werden. 2015 laufen die meisten \u00fcbergangsweisen Zulassungen aus, bis dahin m\u00fcssen wir eine Einigung erzielen, die den dauerhaften Weiterbetrieb der Schiffe auf einer stabilen rechtlichen Grundlage erm\u00f6glicht.<\/p>\n<p><a href=\"http:\/\/bildungsschiff.de\/anna-lisa\/wp-content\/uploads\/2014\/05\/P5100190.jpg\"><img loading=\"lazy\" decoding=\"async\" class=\"alignnone size-medium wp-image-184\" src=\"http:\/\/bildungsschiff.de\/anna-lisa\/wp-content\/uploads\/2014\/05\/P5100190-300x224.jpg\" alt=\"Nehmt uns nicht den Wind aus den Segeln\" width=\"300\" height=\"224\" srcset=\"https:\/\/bildungsschiff.de\/anna-lisa\/wp-content\/uploads\/2014\/05\/P5100190-300x224.jpg 300w, https:\/\/bildungsschiff.de\/anna-lisa\/wp-content\/uploads\/2014\/05\/P5100190-1024x766.jpg 1024w\" sizes=\"auto, (max-width: 300px) 100vw, 300px\" \/><\/a><\/p>\n<p><a href=\"http:\/\/bildungsschiff.de\/anna-lisa\/wp-content\/uploads\/2014\/05\/P5100192.jpg\"><img loading=\"lazy\" decoding=\"async\" class=\"alignnone size-medium wp-image-185\" src=\"http:\/\/bildungsschiff.de\/anna-lisa\/wp-content\/uploads\/2014\/05\/P5100192-300x224.jpg\" alt=\"Anna-Lisa mit Protestbanner beim Hafengeburtstag\" width=\"300\" height=\"224\" srcset=\"https:\/\/bildungsschiff.de\/anna-lisa\/wp-content\/uploads\/2014\/05\/P5100192-300x224.jpg 300w, https:\/\/bildungsschiff.de\/anna-lisa\/wp-content\/uploads\/2014\/05\/P5100192-1024x766.jpg 1024w\" sizes=\"auto, (max-width: 300px) 100vw, 300px\" \/><\/a><\/p>\n","protected":false},"excerpt":{"rendered":"<p>Unter dem Motto Nehmt uns nicht den Wind aus den Segeln! Schiffe, Tradition, Ehrenamt erhalten hat die Anna-Lisa in Kooperation&hellip;<\/p>\n","protected":false},"author":4,"featured_media":187,"comment_status":"closed","ping_status":"closed","sticky":false,"template":"","format":"gallery","meta":{"footnotes":""},"categories":[1],"tags":[],"class_list":["post-181","post","type-post","status-publish","format-gallery","has-post-thumbnail","hentry","category-allgemeines","post_format-post-format-gallery"],"_links":{"self":[{"href":"https:\/\/bildungsschiff.de\/anna-lisa\/wp-json\/wp\/v2\/posts\/181","targetHints":{"allow":["GET"]}}],"collection":[{"href":"https:\/\/bildungsschiff.de\/anna-lisa\/wp-json\/wp\/v2\/posts"}],"about":[{"href":"https:\/\/bildungsschiff.de\/anna-lisa\/wp-json\/wp\/v2\/types\/post"}],"author":[{"embeddable":true,"href":"https:\/\/bildungsschiff.de\/anna-lisa\/wp-json\/wp\/v2\/users\/4"}],"replies":[{"embeddable":true,"href":"https:\/\/bildungsschiff.de\/anna-lisa\/wp-json\/wp\/v2\/comments?post=181"}],"version-history":[{"count":10,"href":"https:\/\/bildungsschiff.de\/anna-lisa\/wp-json\/wp\/v2\/posts\/181\/revisions"}],"predecessor-version":[{"id":2351,"href":"https:\/\/bildungsschiff.de\/anna-lisa\/wp-json\/wp\/v2\/posts\/181\/revisions\/2351"}],"wp:featuredmedia":[{"embeddable":true,"href":"https:\/\/bildungsschiff.de\/anna-lisa\/wp-json\/wp\/v2\/media\/187"}],"wp:attachment":[{"href":"https:\/\/bildungsschiff.de\/anna-lisa\/wp-json\/wp\/v2\/media?parent=181"}],"wp:term":[{"taxonomy":"category","embeddable":true,"href":"https:\/\/bildungsschiff.de\/anna-lisa\/wp-json\/wp\/v2\/categories?post=181"},{"taxonomy":"post_tag","embeddable":true,"href":"https:\/\/bildungsschiff.de\/anna-lisa\/wp-json\/wp\/v2\/tags?post=181"}],"curies":[{"name":"wp","href":"https:\/\/api.w.org\/{rel}","templated":true}]}}