{"id":2115,"date":"2019-10-27T14:55:32","date_gmt":"2019-10-27T13:55:32","guid":{"rendered":"https:\/\/bildungsschiff.de\/anna-lisa\/?p=2115"},"modified":"2021-12-30T17:02:56","modified_gmt":"2021-12-30T16:02:56","slug":"gegenwaertige-themen-des-vereins","status":"publish","type":"post","link":"https:\/\/bildungsschiff.de\/anna-lisa\/gegenwaertige-themen-des-vereins\/","title":{"rendered":"Sorgen des Vereins"},"content":{"rendered":"\n<h2 class=\"wp-block-heading\">Sicherheitsrichtlinie f\u00fcr Traditionsschiffe<\/h2>\n\n\n\n<p>Das Bundesministerium f\u00fcr Verkehr und digitale Infrastruktur stellt uns \u2013 wie alle Traditionsschiffe \u2013 mit der \u201eVerordnung zur \u00c4nderung der schiffssicherheitsrechtlichen Vorschriften \u00fcber Bau und Ausr\u00fcstung von Traditionsschiffen und anderen Schiffen, die nicht internationalen Schiffssicherheitsregeln unterliegen\u201c, kurz SiRi, vor existentielle gro\u00dfe Herausforderungen. Wenn wir es schaffen sollten, die Vorgaben der Verordnung umzusetzen, wird der urspr\u00fcngliche Charakter unseres Schiffs ver\u00e4ndert sein. Schwerwiegend sind die finanziellen und organisatorischen Belastungen, die die umfangreichen Umbauten und Investitionen mit sich bringen. Alle in unserem gemeinn\u00fctzigen Verein arbeiten ehrenamtlich, d.h. nebenberuflich und ohne Gewinnabsicht. Die Belastungen durch die neue Verordnung f\u00fchren dazu, dass wir nur noch von Saison zu Saison planen und bangen, ob wir die Vereinsarbeit \u00fcberhaupt noch fortsetzen k\u00f6nnen. <\/p>\n\n\n\n<h2 class=\"wp-block-heading\">Elbvertiefung<\/h2>\n\n\n\n<p>Durch den schweren Eingriff in die Unterelbe ver\u00e4ndern sich die Str\u00f6mungen und Flie\u00dfgeschwindigkeiten des Wassers. Kleine H\u00e4fen drohen zu verschlicken. So ist z.B. die Neufelder Rinne f\u00fcr die ANNA-LISA nicht mehr erreichbar. Auch die Medemrinne, unser bevorzugtes Segelgebiet in der Elbe, ist und bleibt wohl zuk\u00fcnftig gesperrt. An anderen Stellen nimmt die Str\u00f6mungsgeschwindigkeit rasant zu. Daher rechnen wir damit, dass wir aufgrund der erwarteten h\u00f6heren Flie\u00dfgeschwindigkeit z.B. den Hafen von Cuxhaven nur noch bei Stauwasser ansteuern k\u00f6nnen.  Die Auswirkungen der Fahrrinnenvertiefung auf das \u00d6kosystem Niederelbe und auf den Flutschutz der anliegenden Gemeinden beobachten wir mit Sorge.  <\/p>\n\n\n\n<figure class=\"wp-block-pullquote is-style-default\"><blockquote><p> <strong>22.-24.11.2019 Vereins-Wochenende in Balje<\/strong><br \/>Mitgliederversammlung, Wahlen und Zukunftsplanung 2020 <\/p><\/blockquote><\/figure>\n\n\n\n<p><strong>Update nach dem Vereins-Wochenende<\/strong><\/p>\n\n\n\n<p>Es geht weiter! Touren sind in Planung und werden <a href=\"https:\/\/bildungsschiff.de\/anna-lisa\/toernplan\/\">hier <\/a>in K\u00fcrze ver\u00f6ffentlicht.<\/p>\n","protected":false},"excerpt":{"rendered":"<p>Sicherheitsrichtlinie f\u00fcr Traditionsschiffe Das Bundesministerium f\u00fcr Verkehr und digitale Infrastruktur stellt uns \u2013 wie alle Traditionsschiffe \u2013 mit der \u201eVerordnung&hellip;<\/p>\n","protected":false},"author":4,"featured_media":0,"comment_status":"closed","ping_status":"closed","sticky":false,"template":"","format":"standard","meta":{"footnotes":""},"categories":[1],"tags":[],"class_list":["post-2115","post","type-post","status-publish","format-standard","hentry","category-allgemeines"],"_links":{"self":[{"href":"https:\/\/bildungsschiff.de\/anna-lisa\/wp-json\/wp\/v2\/posts\/2115","targetHints":{"allow":["GET"]}}],"collection":[{"href":"https:\/\/bildungsschiff.de\/anna-lisa\/wp-json\/wp\/v2\/posts"}],"about":[{"href":"https:\/\/bildungsschiff.de\/anna-lisa\/wp-json\/wp\/v2\/types\/post"}],"author":[{"embeddable":true,"href":"https:\/\/bildungsschiff.de\/anna-lisa\/wp-json\/wp\/v2\/users\/4"}],"replies":[{"embeddable":true,"href":"https:\/\/bildungsschiff.de\/anna-lisa\/wp-json\/wp\/v2\/comments?post=2115"}],"version-history":[{"count":12,"href":"https:\/\/bildungsschiff.de\/anna-lisa\/wp-json\/wp\/v2\/posts\/2115\/revisions"}],"predecessor-version":[{"id":2323,"href":"https:\/\/bildungsschiff.de\/anna-lisa\/wp-json\/wp\/v2\/posts\/2115\/revisions\/2323"}],"wp:attachment":[{"href":"https:\/\/bildungsschiff.de\/anna-lisa\/wp-json\/wp\/v2\/media?parent=2115"}],"wp:term":[{"taxonomy":"category","embeddable":true,"href":"https:\/\/bildungsschiff.de\/anna-lisa\/wp-json\/wp\/v2\/categories?post=2115"},{"taxonomy":"post_tag","embeddable":true,"href":"https:\/\/bildungsschiff.de\/anna-lisa\/wp-json\/wp\/v2\/tags?post=2115"}],"curies":[{"name":"wp","href":"https:\/\/api.w.org\/{rel}","templated":true}]}}