{"id":285,"date":"2019-10-01T17:40:45","date_gmt":"2019-10-01T16:40:45","guid":{"rendered":"http:\/\/bildungsschiff.de\/anna-lisa\/?p=285"},"modified":"2025-03-21T11:46:40","modified_gmt":"2025-03-21T10:46:40","slug":"feiert-mit-uns-ein-fest","status":"publish","type":"post","link":"https:\/\/bildungsschiff.de\/anna-lisa\/feiert-mit-uns-ein-fest\/","title":{"rendered":"Termine und Pl\u00e4ne f\u00fcr 2019"},"content":{"rendered":"<h2>Unsere Pl\u00e4ne f\u00fcr 2019<\/h2>\n<h3>Zugvogel- und Wildganstage mit dem Natureum<\/h3>\n<p>Im Herbst 2019 fanden bis Mitte Oktober in Zusammenarbeit mit dem Natureum an der Oste <a href=\"https:\/\/natureum-niederelbe.de\/\">www.natureum-niederelbe.de <\/a>die Zugvogel- und Wildganstage mit ANNA-LISA statt.<\/p>\n<h3>Saisonende<\/h3>\n<p>Nach den Zugvogel- und Wildganstagen ist die Saison beendet.<\/p>\n<p>******************************************<\/p>\n<p>Das Fr\u00fchjahrs-Vereinstreffen fand am 15.-17.02.2019 in Balje an der Elbe statt.\u00a0 Der T\u00f6rnplan gibt einen Einblick in die Saison 2019. Au\u00dferdem waren ANNA-LISA und MATHILDE mit Jugendgruppen beim Wischhafener Hafenfest aktiv.<\/p>\n<h3>In Wischhafen ist was los<\/h3>\n<p>Der alte Hafen erwacht, es wird wieder gewerkelt, man hat sich wieder zum kl\u00f6nen und fachsimpeln getroffen.<\/p>\n<p><a href=\"http:\/\/bildungsschiff.de\/anna-lisa\/technische-daten\/images-2\/\" rel=\"attachment wp-att-271\"><img loading=\"lazy\" decoding=\"async\" src=\"http:\/\/bildungsschiff.de\/anna-lisa\/wp-content\/uploads\/2013\/11\/images-2.jpg\" alt=\"\" width=\"264\" height=\"186\" \/><\/a><\/p>\n<figure id=\"attachment_1965\" aria-describedby=\"caption-attachment-1965\" style=\"width: 225px\" class=\"wp-caption alignnone\"><img loading=\"lazy\" decoding=\"async\" class=\"size-medium wp-image-1965\" src=\"https:\/\/bildungsschiff.de\/anna-lisa\/wp-content\/uploads\/2019\/10\/IMG_4078-225x300.jpg\" alt=\"Eine Scheibe Kl\u00fcverbaum\" width=\"225\" height=\"300\" srcset=\"https:\/\/bildungsschiff.de\/anna-lisa\/wp-content\/uploads\/2019\/10\/IMG_4078-225x300.jpg 225w, https:\/\/bildungsschiff.de\/anna-lisa\/wp-content\/uploads\/2019\/10\/IMG_4078.jpg 768w\" sizes=\"auto, (max-width: 225px) 100vw, 225px\" \/><figcaption id=\"caption-attachment-1965\" class=\"wp-caption-text\">Foto: A. Meyer<\/figcaption><\/figure>\n<figure id=\"attachment_1964\" aria-describedby=\"caption-attachment-1964\" style=\"width: 225px\" class=\"wp-caption alignnone\"><img loading=\"lazy\" decoding=\"async\" class=\"size-medium wp-image-1964\" src=\"https:\/\/bildungsschiff.de\/anna-lisa\/wp-content\/uploads\/2019\/10\/IMG_4077-225x300.jpg\" alt=\"Segelsetzen auf dem Jugendschiff MATHILDE\" width=\"225\" height=\"300\" srcset=\"https:\/\/bildungsschiff.de\/anna-lisa\/wp-content\/uploads\/2019\/10\/IMG_4077-225x300.jpg 225w, https:\/\/bildungsschiff.de\/anna-lisa\/wp-content\/uploads\/2019\/10\/IMG_4077.jpg 768w\" sizes=\"auto, (max-width: 225px) 100vw, 225px\" \/><figcaption id=\"caption-attachment-1964\" class=\"wp-caption-text\">Foto: A. Meyer<\/figcaption><\/figure>\n<figure id=\"attachment_1963\" aria-describedby=\"caption-attachment-1963\" style=\"width: 225px\" class=\"wp-caption alignnone\"><img loading=\"lazy\" decoding=\"async\" class=\"size-medium wp-image-1963\" src=\"https:\/\/bildungsschiff.de\/anna-lisa\/wp-content\/uploads\/2019\/10\/IMG_4073-225x300.jpg\" alt=\"Kutterpullen MATHILDE\" width=\"225\" height=\"300\" srcset=\"https:\/\/bildungsschiff.de\/anna-lisa\/wp-content\/uploads\/2019\/10\/IMG_4073-225x300.jpg 225w, https:\/\/bildungsschiff.de\/anna-lisa\/wp-content\/uploads\/2019\/10\/IMG_4073.jpg 768w\" sizes=\"auto, (max-width: 225px) 100vw, 225px\" \/><figcaption id=\"caption-attachment-1963\" class=\"wp-caption-text\">Foto: A. Meyer<\/figcaption><\/figure>\n<figure id=\"attachment_1962\" aria-describedby=\"caption-attachment-1962\" style=\"width: 225px\" class=\"wp-caption alignnone\"><img loading=\"lazy\" decoding=\"async\" class=\"size-medium wp-image-1962\" src=\"https:\/\/bildungsschiff.de\/anna-lisa\/wp-content\/uploads\/2019\/10\/IMG_4081-225x300.jpg\" alt=\"Chillen beim Hafenfest 2019\" width=\"225\" height=\"300\" srcset=\"https:\/\/bildungsschiff.de\/anna-lisa\/wp-content\/uploads\/2019\/10\/IMG_4081-225x300.jpg 225w, https:\/\/bildungsschiff.de\/anna-lisa\/wp-content\/uploads\/2019\/10\/IMG_4081.jpg 768w\" sizes=\"auto, (max-width: 225px) 100vw, 225px\" \/><figcaption id=\"caption-attachment-1962\" class=\"wp-caption-text\">Foto: A. Meyer<\/figcaption><\/figure>\n","protected":false},"excerpt":{"rendered":"<p>Unsere Pl\u00e4ne f\u00fcr 2019 Zugvogel- und Wildganstage mit dem Natureum Im Herbst 2019 fanden bis Mitte Oktober in Zusammenarbeit mit&hellip;<\/p>\n","protected":false},"author":4,"featured_media":0,"comment_status":"closed","ping_status":"closed","sticky":false,"template":"","format":"standard","meta":{"footnotes":""},"categories":[1],"tags":[],"class_list":["post-285","post","type-post","status-publish","format-standard","hentry","category-allgemeines"],"_links":{"self":[{"href":"https:\/\/bildungsschiff.de\/anna-lisa\/wp-json\/wp\/v2\/posts\/285","targetHints":{"allow":["GET"]}}],"collection":[{"href":"https:\/\/bildungsschiff.de\/anna-lisa\/wp-json\/wp\/v2\/posts"}],"about":[{"href":"https:\/\/bildungsschiff.de\/anna-lisa\/wp-json\/wp\/v2\/types\/post"}],"author":[{"embeddable":true,"href":"https:\/\/bildungsschiff.de\/anna-lisa\/wp-json\/wp\/v2\/users\/4"}],"replies":[{"embeddable":true,"href":"https:\/\/bildungsschiff.de\/anna-lisa\/wp-json\/wp\/v2\/comments?post=285"}],"version-history":[{"count":355,"href":"https:\/\/bildungsschiff.de\/anna-lisa\/wp-json\/wp\/v2\/posts\/285\/revisions"}],"predecessor-version":[{"id":2562,"href":"https:\/\/bildungsschiff.de\/anna-lisa\/wp-json\/wp\/v2\/posts\/285\/revisions\/2562"}],"wp:attachment":[{"href":"https:\/\/bildungsschiff.de\/anna-lisa\/wp-json\/wp\/v2\/media?parent=285"}],"wp:term":[{"taxonomy":"category","embeddable":true,"href":"https:\/\/bildungsschiff.de\/anna-lisa\/wp-json\/wp\/v2\/categories?post=285"},{"taxonomy":"post_tag","embeddable":true,"href":"https:\/\/bildungsschiff.de\/anna-lisa\/wp-json\/wp\/v2\/tags?post=285"}],"curies":[{"name":"wp","href":"https:\/\/api.w.org\/{rel}","templated":true}]}}